{"id":956,"date":"2022-06-02T07:02:26","date_gmt":"2022-06-02T07:02:26","guid":{"rendered":"https:\/\/www.spravna-volba.cz\/?p=956"},"modified":"2022-06-05T15:47:59","modified_gmt":"2022-06-05T15:47:59","slug":"pojdte-s-nami-na-kola","status":"publish","type":"post","link":"https:\/\/www.spravna-volba.cz\/?p=956","title":{"rendered":"Poj\u010fte s n\u00e1mi na kola"},"content":{"rendered":"<p>V dne\u0161n\u00edm \u010dl\u00e1nku pozvu \u010dten\u00e1\u0159e Chomutovek na stezku do Strup\u010dic, kter\u00e1 je jak d\u00e9lkou t\u00e9m\u011b\u0159 10 km, tak p\u0159ev\u00e1\u017en\u011b rovinat\u00fdm profilem, jako d\u011blan\u00e1 na rodinn\u00fd v\u00fdlet.<\/p>\n<p>Ale ne\u017e usednu na kolo, mus\u00edm se vr\u00e1tit k minul\u00e9mu \u010dl\u00e1nku, kde jsem se zm\u00ednil o dnes ji\u017e letit\u00e9m p\u0159eru\u0161en\u00ed obou cyklostezek budovan\u00fdm obchvatem Chomutova. Zjistil jsem, \u017ee nejsem s\u00e1m, komu tato skute\u010dnost vad\u00ed a kdo vn\u00edm\u00e1 mace\u0161sk\u00e9 chov\u00e1n\u00ed m\u011bsta Chomutova k cyklistick\u00e9 ve\u0159ejnosti. Jak je mo\u017en\u00e9, \u017ee ani po tolika letech nebyl se stavebn\u00edkem domluven syst\u00e9m pr\u016fjezdu stavbou, zejm\u00e9na kdy\u017e si uv\u011bdom\u00edme, \u017ee po dobu v\u00edce jak t\u0159\u00edlet\u00e9 uz\u00e1v\u011bry drtivou dobu \u017e\u00e1dn\u00e9 pr\u00e1ce neprob\u00edhaj\u00ed?<\/p>\n<p>P\u0159i hled\u00e1n\u00ed, od kdy jsou vlastn\u011b cyklostezky uzav\u0159en\u00e9, jsem na\u0161el \u010dl\u00e1nek v Chomutovsk\u00e9m den\u00edku z 14.5.2019 s n\u00e1zvem \u201cCyklostezky z Chomutova jsou do\u010dasn\u011b uzav\u0159en\u00e9\u201d.<\/p>\n<p>Cituji:<\/p>\n<p>\u201d Zav\u0159en\u00e9 \u00faseky se nach\u00e1zej\u00ed na dvou m\u00edstech, v \u0160ichtov\u011b dole u Dopravn\u00edho podniku a v bl\u00edzkosti Otvick\u00e9ho rybn\u00edka, kde se cyklostezka napojuje na ulici U Vod\u00e1rny. Oba \u00faseky z\u016fstanou s nejv\u011bt\u0161\u00ed pravd\u011bpodobnost\u00ed uzav\u0159eny po celou dobu stavby m\u011bstsk\u00e9ho obchvatu, kter\u00e1 potrv\u00e1 zhruba do konce roku 2021.<\/p>\n<p>Podle sd\u011blen\u00ed chomutovsk\u00e9 radnice v obou p\u0159\u00edpadech ter\u00e9n neumo\u017e\u0148uje \u017e\u00e1dn\u00e9 n\u00e1hradn\u00ed \u0159e\u0161en\u00ed a uzav\u00edrku nen\u00ed mo\u017en\u00e9 objet. Stavbou z\u00e1rove\u0148 nen\u00ed mo\u017en\u00e9 nijak proj\u00ed\u017ed\u011bt.\u201d<\/p>\n<p>Zdroj: https:\/\/chomutovsky.denik.cz\/zpravy_region\/cyklostezky-z-chomutova-jsou-docasne-uzavrene-20190514.html<\/p>\n<p>Dal\u0161\u00ed uk\u00e1zkou nez\u00e1jmu Chomutova o relaxa\u010dn\u00ed cyklistiku je ignorov\u00e1n\u00ed jinak skv\u011bl\u00e9 cyklostezky z \u010cernovic p\u0159es Prun\u00e9\u0159ov do Kadan\u011b, kterou dostali Chomutov\u00e1ci jaksi zdarma, \u017eel ani po 2 letech od jej\u00edho otev\u0159en\u00ed se na n\u00ed z Chomutova nedostanou. Touto cyklostezkou se vyprav\u00edme v n\u011bkter\u00e9m z p\u0159\u00ed\u0161t\u00edch pokra\u010dov\u00e1n\u00ed.<\/p>\n<p>A nyn\u00ed kone\u010dn\u011b nasedneme na kola. Tedy nejd\u0159\u00edve nalo\u017e\u00edme kola na st\u0159echu auta a dojedeme do Otvic, odkud ji\u017e m\u016f\u017eeme pokra\u010dovat po cyklostezce a neriskovat v silni\u010dn\u00edm provozu.<\/p>\n<p>\u010cek\u00e1 n\u00e1s necel\u00fdch 8 km k rozhledn\u011b nad Strup\u010dicemi a to sam\u00e9 zp\u011bt. S v\u00fdjimkou 700 m p\u0159es obec Vrskma\u0148 pojedeme po cyklostezce. Pokud se chyst\u00e1te na v\u00fdlet i s p\u0159ed\u0161koln\u00edmi d\u011btmi, doporu\u010duji za\u010d\u00edt a\u017e ve Vrskmani a pot\u00e9 ji\u017e v\u00e1m skute\u010dn\u011b \u017e\u00e1dn\u00e9 nebezpe\u010d\u00ed nehroz\u00ed. Z Vrskman\u011b na rozhlednu je to 3,5 km, tedy celkem 7 km, a to zvl\u00e1dne skute\u010dn\u011b i p\u0159ed\u0161koln\u00ed d\u00edt\u011b. V\u00fdhodou je, \u017ee budete od Chomutova natolik daleko, \u017ee se zde ji\u017e t\u00e9m\u011b\u0159 nesetk\u00e1v\u00e1me s pejska\u0159i, ko\u010d\u00e1rky \u010di korzuj\u00edc\u00ed omladinou a m\u016f\u017eeme si j\u00edzdu na kole skute\u010dn\u011b vychutnat na rozd\u00edl od cyklostezek ve m\u011bst\u011b.<\/p>\n<p>Z\u00e1v\u011brem podot\u00fdk\u00e1m, \u017ee budeme ochuzeni o zna\u010dnou \u010d\u00e1st cesty okolo zooparku a velk\u00e9ho Otvick\u00e9ho rybn\u00edka, tedy pokud se nevyd\u00e1te p\u0159es staveni\u0161t\u011b, ale to v\u00e1m nemohu doporu\u010dit.<\/p>\n<p>Ing. Milo\u0148 Houda<\/p>\n<p>&nbsp;<\/p>\n","protected":false},"excerpt":{"rendered":"<p>V dne\u0161n\u00edm \u010dl\u00e1nku pozvu \u010dten\u00e1\u0159e Chomutovek na stezku do Strup\u010dic, kter\u00e1 je jak d\u00e9lkou t\u00e9m\u011b\u0159 10 km, tak p\u0159ev\u00e1\u017en\u011b rovinat\u00fdm profilem, jako d\u011blan\u00e1 na rodinn\u00fd v\u00fdlet. Ale ne\u017e usednu na kolo, mus\u00edm se vr\u00e1tit k minul\u00e9mu \u010dl\u00e1nku, kde jsem se zm\u00ednil o dnes ji\u017e letit\u00e9m p\u0159eru\u0161en\u00ed obou cyklostezek budovan\u00fdm obchvatem Chomutova. Zjistil jsem, \u017ee nejsem&hellip;<\/p>\n","protected":false},"author":3,"featured_media":1019,"comment_status":"open","ping_status":"open","sticky":false,"template":"","format":"standard","meta":{"footnotes":""},"categories":[1],"tags":[],"_links":{"self":[{"href":"https:\/\/www.spravna-volba.cz\/index.php?rest_route=\/wp\/v2\/posts\/956"}],"collection":[{"href":"https:\/\/www.spravna-volba.cz\/index.php?rest_route=\/wp\/v2\/posts"}],"about":[{"href":"https:\/\/www.spravna-volba.cz\/index.php?rest_route=\/wp\/v2\/types\/post"}],"author":[{"embeddable":true,"href":"https:\/\/www.spravna-volba.cz\/index.php?rest_route=\/wp\/v2\/users\/3"}],"replies":[{"embeddable":true,"href":"https:\/\/www.spravna-volba.cz\/index.php?rest_route=%2Fwp%2Fv2%2Fcomments&post=956"}],"version-history":[{"count":3,"href":"https:\/\/www.spravna-volba.cz\/index.php?rest_route=\/wp\/v2\/posts\/956\/revisions"}],"predecessor-version":[{"id":1020,"href":"https:\/\/www.spravna-volba.cz\/index.php?rest_route=\/wp\/v2\/posts\/956\/revisions\/1020"}],"wp:featuredmedia":[{"embeddable":true,"href":"https:\/\/www.spravna-volba.cz\/index.php?rest_route=\/wp\/v2\/media\/1019"}],"wp:attachment":[{"href":"https:\/\/www.spravna-volba.cz\/index.php?rest_route=%2Fwp%2Fv2%2Fmedia&parent=956"}],"wp:term":[{"taxonomy":"category","embeddable":true,"href":"https:\/\/www.spravna-volba.cz\/index.php?rest_route=%2Fwp%2Fv2%2Fcategories&post=956"},{"taxonomy":"post_tag","embeddable":true,"href":"https:\/\/www.spravna-volba.cz\/index.php?rest_route=%2Fwp%2Fv2%2Ftags&post=956"}],"curies":[{"name":"wp","href":"https:\/\/api.w.org\/{rel}","templated":true}]}}