{"id":952,"date":"2022-06-02T06:55:05","date_gmt":"2022-06-02T06:55:05","guid":{"rendered":"https:\/\/www.spravna-volba.cz\/?p=952"},"modified":"2022-06-05T17:12:39","modified_gmt":"2022-06-05T17:12:39","slug":"konecne-nastal-cas-pro-cykloturistiku","status":"publish","type":"post","link":"https:\/\/www.spravna-volba.cz\/?p=952","title":{"rendered":"Kone\u010dn\u011b nastal \u010das pro cykloturistiku"},"content":{"rendered":"<p>Za\u010dalo jaro a kone\u010dn\u011b nastal \u010das pro cykloturistiku. A proto\u017ee m\u00e1m osmilet\u00e9ho syna, tak vyr\u00e1\u017e\u00edme po cyklostezk\u00e1ch. V Chomutov\u011b m\u00e1me n\u011bkolik mo\u017enost\u00ed, a tak se po nich postupn\u011b projedeme a zjist\u00edme jak\u00e9 radosti a strasti na\u0161e m\u011bsto sv\u00fdm ob\u010dan\u016fm nab\u00edz\u00ed.<br \/>\nJeliko\u017e bydl\u00edm v experimentu na s\u00eddli\u0161ti B\u0159ezeneck\u00e1 budeme v\u017edy za\u010d\u00ednat a snad i \u0161\u0165astn\u011b kon\u010dit pr\u00e1v\u011b zde.<\/p>\n<p>Nejstar\u0161\u00ed a velmi preferovanou cyklostezkou je v\u0161em jist\u011b zn\u00e1m\u00e1 trasa v Bezru\u010dov\u011b \u00fadol\u00ed. Lidov\u011b zn\u00e1m\u00e1 t\u0159emi ml\u00fdny, tedy vlastn\u011b restauracemi. I kdy\u017e dnes jsou ji\u017e jen dva (prvn\u00ed a druh\u00fd). T\u0159et\u00ed se stal ob\u011bt\u00ed privatizace v devades\u00e1tk\u00e1ch.<\/p>\n<p>Z B\u0159ezeneck\u00e9 se dok\u00e1\u017eete dostat a\u017e na m\u00edsto b\u00fdval\u00e9ho t\u0159et\u00edho ml\u00fdna po cyklostezce. Nejv\u011bt\u0161\u00edm \u00faskal\u00edm pro rodiny s d\u011btmi je k\u0159\u00ed\u017een\u00ed cyklostezky s Blatenskou a n\u00e1sledn\u011b Bezru\u010dovou ulic\u00ed. Restaurace jsou p\u0159\u00edjemn\u00e9, s venkovn\u00edm posezen\u00edm, ceny p\u0159im\u011b\u0159en\u00e9. Nev\u00fdhodou je mno\u017estv\u00ed cyklist\u016f a inline brusla\u0159\u016f v Bezru\u010dov\u011b \u00fadol\u00ed.<\/p>\n<p>Na cestu doporu\u010duji p\u0159ibalit bundu nebo alespo\u0148 mikinu, proto\u017ee v Bezru\u010dov\u011b \u00fadol\u00ed b\u00fdv\u00e1 z jara pon\u011bkud chladn\u011bji. Cyklostezka zde toti\u017e vede lesem a nav\u00edc je m\u00edrn\u011b do kopce, ale nijak dramaticky a i \u0161estilet\u00e9 d\u00edt\u011b nem\u00e1 v\u011bt\u0161\u00ed probl\u00e9m dojet alespo\u0148 na prvn\u00ed ml\u00fdn.<\/p>\n<p>Sportovn\u011b zalo\u017een\u00e1 rodina m\u016f\u017ee pokra\u010dovat p\u0159es t\u0159et\u00ed ml\u00fdn a a\u017e na vodn\u00ed d\u00edlo Kame\u010dni\u010dku.<\/p>\n<p>P\u0159\u00ed\u0161t\u011b se vyprav\u00edme na rozhledu do Strup\u010dic kam se d\u00e1 z B\u0159ezeneck\u00e9 tak\u00e9 dostat po cyklostezce, \u017eel se dv\u011bma nedostatky. Ten prvn\u00ed a fat\u00e1ln\u00ed vznikl ji\u017e p\u0159ed n\u011bkolika lety a je zp\u016fsoben budov\u00e1n\u00edm obchvatu Chomutova. Zde p\u0159ed Otvicemi projedeme staveni\u0161t\u011bm, co\u017e nem\u016f\u017eu s klidn\u00fdm sv\u011bdom\u00edm doporu\u010dit. Ale alespo\u0148 nemus\u00edme p\u0159el\u00e9zat svodidla jako na stejnou stavbou p\u0159eru\u0161enou a dokonale p\u0159ehrazenou cyklostezku za zooparkem. Je neuv\u011b\u0159iteln\u00e9, \u017ee veden\u00ed m\u011bsta toleruje mnoholet\u00e9 p\u0159eru\u0161en\u00ed jedin\u00e9 cyklostezky mezi B\u0159ezeneckou a P\u00edse\u010dnou a nechalo od\u0159\u00edznut\u00e9 s\u00eddli\u0161t\u011b P\u00edse\u010dn\u00e1 a Zahradn\u00ed od zooparku, pota\u017emo centra m\u011bsta \u010di ji\u017e zm\u00edn\u011bn\u00e9ho Bezru\u010dova \u00fadol\u00ed. Vyr\u016fst\u00e1 n\u00e1m tak cel\u00e1 generace d\u011bt\u00ed, jejich\u017e rodin\u00e1m je odep\u0159eno u\u017e\u00edvat mo\u017enosti a provozovat cykloturistiku.<\/p>\n<p>Ing. Milo\u0148 Houda<\/p>\n<p>&nbsp;<\/p>\n","protected":false},"excerpt":{"rendered":"<p>Za\u010dalo jaro a kone\u010dn\u011b nastal \u010das pro cykloturistiku. A proto\u017ee m\u00e1m osmilet\u00e9ho syna, tak vyr\u00e1\u017e\u00edme po cyklostezk\u00e1ch. V Chomutov\u011b m\u00e1me n\u011bkolik mo\u017enost\u00ed, a tak se po nich postupn\u011b projedeme a zjist\u00edme jak\u00e9 radosti a strasti na\u0161e m\u011bsto sv\u00fdm ob\u010dan\u016fm nab\u00edz\u00ed. Jeliko\u017e bydl\u00edm v experimentu na s\u00eddli\u0161ti B\u0159ezeneck\u00e1 budeme v\u017edy za\u010d\u00ednat a snad i \u0161\u0165astn\u011b kon\u010dit&hellip;<\/p>\n","protected":false},"author":3,"featured_media":1136,"comment_status":"open","ping_status":"open","sticky":false,"template":"","format":"standard","meta":{"footnotes":""},"categories":[1],"tags":[],"_links":{"self":[{"href":"https:\/\/www.spravna-volba.cz\/index.php?rest_route=\/wp\/v2\/posts\/952"}],"collection":[{"href":"https:\/\/www.spravna-volba.cz\/index.php?rest_route=\/wp\/v2\/posts"}],"about":[{"href":"https:\/\/www.spravna-volba.cz\/index.php?rest_route=\/wp\/v2\/types\/post"}],"author":[{"embeddable":true,"href":"https:\/\/www.spravna-volba.cz\/index.php?rest_route=\/wp\/v2\/users\/3"}],"replies":[{"embeddable":true,"href":"https:\/\/www.spravna-volba.cz\/index.php?rest_route=%2Fwp%2Fv2%2Fcomments&post=952"}],"version-history":[{"count":2,"href":"https:\/\/www.spravna-volba.cz\/index.php?rest_route=\/wp\/v2\/posts\/952\/revisions"}],"predecessor-version":[{"id":1137,"href":"https:\/\/www.spravna-volba.cz\/index.php?rest_route=\/wp\/v2\/posts\/952\/revisions\/1137"}],"wp:featuredmedia":[{"embeddable":true,"href":"https:\/\/www.spravna-volba.cz\/index.php?rest_route=\/wp\/v2\/media\/1136"}],"wp:attachment":[{"href":"https:\/\/www.spravna-volba.cz\/index.php?rest_route=%2Fwp%2Fv2%2Fmedia&parent=952"}],"wp:term":[{"taxonomy":"category","embeddable":true,"href":"https:\/\/www.spravna-volba.cz\/index.php?rest_route=%2Fwp%2Fv2%2Fcategories&post=952"},{"taxonomy":"post_tag","embeddable":true,"href":"https:\/\/www.spravna-volba.cz\/index.php?rest_route=%2Fwp%2Fv2%2Ftags&post=952"}],"curies":[{"name":"wp","href":"https:\/\/api.w.org\/{rel}","templated":true}]}}